{"id":6497,"date":"2023-03-20T20:16:18","date_gmt":"2023-03-20T19:16:18","guid":{"rendered":"https:\/\/vbbabogados.com\/?p=6497"},"modified":"2023-05-02T20:26:03","modified_gmt":"2023-05-02T18:26:03","slug":"regulacio-aplicable-als-immobles-en-situacio-de-fora-dordenacio-i-de-volum-disconforme","status":"publish","type":"post","link":"https:\/\/vbbabogados.com\/ca\/blog\/regulacio-aplicable-als-immobles-en-situacio-de-fora-dordenacio-i-de-volum-disconforme\/","title":{"rendered":"Regulaci\u00f3 aplicable als immobles en situaci\u00f3 de &#8220;fora d&#8217;ordenaci\u00f3&#8221; i de &#8220;volum disconforme&#8221;"},"content":{"rendered":"<p>La situaci\u00f3 denominada com &#8220;fora d&#8217;ordenaci\u00f3&#8221; d&#8217;un immoble es produeix quan de forma sobrevinguda, per efecte de l&#8217;aprovaci\u00f3 definitiva d&#8217;un planejament urban\u00edstic, passa a ser &#8220;disconforme&#8221; all\u00f2 que era &#8220;conforme&#8221; amb les normes del planejament anterior.<\/p>\n<p>A conseq\u00fc\u00e8ncia de l&#8217;anterior, l&#8217;edificaci\u00f3 afectada no ser\u00e0 demolida i podr\u00e0 continuar sent utilitzada, tot i que la finalitat d&#8217;aquesta qualificaci\u00f3 \u00e9s que l&#8217;edificaci\u00f3 o \u00fas disconforme no es prolongui en el temps m\u00e9s enll\u00e0 de la seva vida \u00fatil.<\/p>\n<div id=\"ez-toc-container\" class=\"ez-toc-v2_0_82_2 counter-hierarchy ez-toc-counter ez-toc-grey ez-toc-container-direction\">\n<p class=\"ez-toc-title\" style=\"cursor:inherit\">Informaci\u00f3n detallada<\/p>\n<label for=\"ez-toc-cssicon-toggle-item-69f3a46c1c744\" class=\"ez-toc-cssicon-toggle-label\"><span class=\"\"><span class=\"eztoc-hide\" style=\"display:none;\">Toggle<\/span><span class=\"ez-toc-icon-toggle-span\"><svg style=\"fill: #999;color:#999\" xmlns=\"http:\/\/www.w3.org\/2000\/svg\" class=\"list-377408\" width=\"20px\" height=\"20px\" viewBox=\"0 0 24 24\" fill=\"none\"><path d=\"M6 6H4v2h2V6zm14 0H8v2h12V6zM4 11h2v2H4v-2zm16 0H8v2h12v-2zM4 16h2v2H4v-2zm16 0H8v2h12v-2z\" fill=\"currentColor\"><\/path><\/svg><svg style=\"fill: #999;color:#999\" class=\"arrow-unsorted-368013\" xmlns=\"http:\/\/www.w3.org\/2000\/svg\" width=\"10px\" height=\"10px\" viewBox=\"0 0 24 24\" version=\"1.2\" baseProfile=\"tiny\"><path d=\"M18.2 9.3l-6.2-6.3-6.2 6.3c-.2.2-.3.4-.3.7s.1.5.3.7c.2.2.4.3.7.3h11c.3 0 .5-.1.7-.3.2-.2.3-.5.3-.7s-.1-.5-.3-.7zM5.8 14.7l6.2 6.3 6.2-6.3c.2-.2.3-.5.3-.7s-.1-.5-.3-.7c-.2-.2-.4-.3-.7-.3h-11c-.3 0-.5.1-.7.3-.2.2-.3.5-.3.7s.1.5.3.7z\"\/><\/svg><\/span><\/span><\/label><input type=\"checkbox\"  id=\"ez-toc-cssicon-toggle-item-69f3a46c1c744\"  aria-label=\"Toggle\" \/><nav><ul class='ez-toc-list ez-toc-list-level-1 ' ><li class='ez-toc-page-1 ez-toc-heading-level-2'><a class=\"ez-toc-link ez-toc-heading-1\" href=\"https:\/\/vbbabogados.com\/ca\/blog\/regulacio-aplicable-als-immobles-en-situacio-de-fora-dordenacio-i-de-volum-disconforme\/#ReGIM_JURIDIC_APLICABLE\" >R\u00e8GIM JUR\u00cdDIC APLICABLE<\/a><ul class='ez-toc-list-level-3' ><li class='ez-toc-heading-level-3'><a class=\"ez-toc-link ez-toc-heading-2\" href=\"https:\/\/vbbabogados.com\/ca\/blog\/regulacio-aplicable-als-immobles-en-situacio-de-fora-dordenacio-i-de-volum-disconforme\/#Obres_i_usos_autoritzables_en_situacio_de_fora_dordenacio\" >Obres i usos autoritzables en situaci\u00f3 de fora d&#8217;ordenaci\u00f3<\/a><\/li><li class='ez-toc-page-1 ez-toc-heading-level-3'><a class=\"ez-toc-link ez-toc-heading-3\" href=\"https:\/\/vbbabogados.com\/ca\/blog\/regulacio-aplicable-als-immobles-en-situacio-de-fora-dordenacio-i-de-volum-disconforme\/#Obres_i_usos_autoritzables_en_edificacions_i_installacions_amb_volum_desafavorit\" >Obres i usos autoritzables en edificacions i instal\u00b7lacions amb volum desafavorit<\/a><ul class='ez-toc-list-level-4' ><li class='ez-toc-heading-level-4'><a class=\"ez-toc-link ez-toc-heading-4\" href=\"https:\/\/vbbabogados.com\/ca\/blog\/regulacio-aplicable-als-immobles-en-situacio-de-fora-dordenacio-i-de-volum-disconforme\/#Usos_preexistents\" >Usos preexistents<\/a><ul class='ez-toc-list-level-5' ><li class='ez-toc-heading-level-5'><a class=\"ez-toc-link ez-toc-heading-5\" href=\"https:\/\/vbbabogados.com\/ca\/blog\/regulacio-aplicable-als-immobles-en-situacio-de-fora-dordenacio-i-de-volum-disconforme\/#Actuacions_que_vulnerin_lordenament_urbanistic\" >Actuacions que vulnerin l&#8217;ordenament urban\u00edstic<\/a><\/li><\/ul><\/li><\/ul><\/li><\/ul><\/li><\/ul><\/nav><\/div>\n<h2><span class=\"ez-toc-section\" id=\"ReGIM_JURIDIC_APLICABLE\"><\/span>R\u00e8GIM JUR\u00cdDIC APLICABLE<span class=\"ez-toc-section-end\"><\/span><\/h2>\n<p>A Catalunya es regula a l&#8217;article 108 del text ref\u00f3s de la Llei d&#8217;Urbanisme , (Decret legislatiu 1\/2010, de 3 d&#8217;agost, sent les seves principals caracter\u00edstiques les seg\u00fcents:<\/p>\n<p>Distinci\u00f3 entre situaci\u00f3 de fora d&#8217;ordenaci\u00f3 i situaci\u00f3 de volum disconforme.<\/p>\n<p>Queden fora d&#8217;ordenaci\u00f3 les construccions, les instal\u00b7lacions i els usos que, per l&#8217;aprovaci\u00f3 del nou planejament urban\u00edstic, queden sotmesos a expropiaci\u00f3, cessi\u00f3 obligat\u00f2ria i gratu\u00efta, enderrocament o cessament.<\/p>\n<p>El volum disconforme t\u00e9 lloc quan l&#8217;edificaci\u00f3, a causa d&#8217;un nou planejament, incompleix els nous par\u00e0metres imperatius, per\u00f2 no queda en situaci\u00f3 de fora d&#8217;ordenaci\u00f3.<\/p>\n<h3><span class=\"ez-toc-section\" id=\"Obres_i_usos_autoritzables_en_situacio_de_fora_dordenacio\"><\/span>Obres i usos autoritzables en situaci\u00f3 de fora d&#8217;ordenaci\u00f3<span class=\"ez-toc-section-end\"><\/span><\/h3>\n<p>At\u00e8s que la seva finalitat \u00e9s desapar\u00e8ixer, admet l&#8217;autoritzaci\u00f3 de certes obres de reparaci\u00f3 que s\u00f3n necess\u00e0ries per raons de salubritat p\u00fablica, seguretat de les persones o la bona conservaci\u00f3 de les construccions i instal\u00b7lacions. Es prohibeix expressament les obres de consolidaci\u00f3 de volum i augment de volum.<\/p>\n<h3><span class=\"ez-toc-section\" id=\"Obres_i_usos_autoritzables_en_edificacions_i_installacions_amb_volum_desafavorit\"><\/span>Obres i usos autoritzables en edificacions i instal\u00b7lacions amb volum desafavorit<span class=\"ez-toc-section-end\"><\/span><\/h3>\n<p>Es refereix als que quedin amb volum desafavorit amb els par\u00e0metres d&#8217;un nou planejament, sempre que no quedin en situaci\u00f3 de fora d&#8217;ordenaci\u00f3. En aquests casos, s&#8217;admet la realitzaci\u00f3 d&#8217;obres de consolidaci\u00f3 i rehabilitaci\u00f3 i els nous canvis d&#8217;\u00fas &#8220;sempre d&#8217;acord amb les condicions b\u00e0siques del nou planejament&#8221;.<\/p>\n<h4><span class=\"ez-toc-section\" id=\"Usos_preexistents\"><\/span>Usos preexistents<span class=\"ez-toc-section-end\"><\/span><\/h4>\n<p>Es mantenen els usos preexistents mentre no siguin incompatibles amb el nou planejament.<\/p>\n<h5><span class=\"ez-toc-section\" id=\"Actuacions_que_vulnerin_lordenament_urbanistic\"><\/span>Actuacions que vulnerin l&#8217;ordenament urban\u00edstic<span class=\"ez-toc-section-end\"><\/span><\/h5>\n<p>Les construccions i les instal\u00b7lacions a les quals no es puguin aplicar les mesures de restauraci\u00f3 de la realitat f\u00edsica alterada i de l&#8217;ordre jur\u00eddic vulnerat i que no s&#8217;ajustin al planejament queden en situaci\u00f3 de fora d&#8217;ordenaci\u00f3 o de desafavoriment, i se&#8217;ls aplicar\u00e0 el r\u00e8gim legal corresponent.<\/p>\n<p>Aix\u00ed mateix, el Reglament d&#8217;Urbanisme (Decret 305\/2006, de 18 de juliol), desenvolupa el que es disposa en els punts anteriors:<\/p>\n<ol>\n<li>a) Amb relaci\u00f3 als usos preexistents en casos de &#8220;fora d&#8217;ordenaci\u00f3&#8221;, la normativa autoritza els seg\u00fcents canvis d&#8217;\u00fas:\n<ul>\n<li>Establir oficines i activitats comercials<\/li>\n<li>Emmagatzematge o dip\u00f2sit de mercaderies o altres b\u00e9ns mobles que no comportin activitats de comercialitzaci\u00f3 o distribuci\u00f3.<\/li>\n<li>Prestaci\u00f3 de serveis particulars a la ciutadania.<\/li>\n<li>Activitats del sector primari i les comercials relacionades amb aquest sector.<\/li>\n<li>Activitats d&#8217;oci, esportives, recreatives i culturals.<\/li>\n<\/ul>\n<p>Autoritzaci\u00f3 sotmesa a les seg\u00fcents condicions: Es tracta d&#8217;usos provisionals, les obres han de ser les imprescindibles per permetre unes instal\u00b7lacions desmuntables i no poden comportar una desfiguraci\u00f3 definitiva del terreny.<\/p>\n<p>b) Volum disconforme<\/p>\n<p>El Reglament recull el concepte de gran rehabilitaci\u00f3, que inclou:<\/p>\n<ul>\n<li>Obres d&#8217;actuaci\u00f3 global sobre un edifici que comportin un augment de volum o sostre, increment del nombre de departaments, redistribuci\u00f3 general d&#8217;espais i canvi d&#8217;\u00fas principal de l&#8217;edifici.<\/li>\n<li>Substituci\u00f3 de l&#8217;edifici, amb manteniment de la fa\u00e7ana o un altre element estructural.<\/li>\n<li>Execuci\u00f3 successiva d&#8217;obres de reforma amb valor igual o superior al 50\u202f% del valor de construcci\u00f3 de nova planta.<\/li>\n<\/ul>\n<p>Aquesta previsi\u00f3 excedeix la continguda en el text ref\u00f3s de la Llei d&#8217;Urbanisme. Ser\u00e0 el nou planejament el que determinar\u00e0 quina obra de gran rehabilitaci\u00f3 es permet.<\/p>\n<p>c) Usos preexistents<\/p>\n<p>Es diferencia entre,<\/p>\n<p>Usos amb autoritzaci\u00f3 sotmesa a termini: no admeten canvi de titularitat, renovaci\u00f3 de llic\u00e8ncies d&#8217;\u00fas o altres autoritzacions, i, s&#8217;ha d&#8217;acordar el cessament immediat. Usos sense la limitaci\u00f3 anterior: es procedeix a la revocaci\u00f3 de les autoritzacions amb les corresponents indemnitzacions.<\/li>\n<\/ol>\n","protected":false},"excerpt":{"rendered":"<p>La situaci\u00f3 denominada com &#8220;fora d&#8217;ordenaci\u00f3&#8221; d&#8217;un immoble es produeix quan de forma sobrevinguda, per efecte de l&#8217;aprovaci\u00f3 definitiva d&#8217;un planejament urban\u00edstic, passa a ser &#8220;disconforme&#8221; all\u00f2 que era &#8220;conforme&#8221; amb les normes del planejament anterior. A conseq\u00fc\u00e8ncia de l&#8217;anterior, l&#8217;edificaci\u00f3 afectada no ser\u00e0 demolida i podr\u00e0 continuar sent utilitzada, tot i que la finalitat&#8230;<\/p>\n","protected":false},"author":3,"featured_media":6275,"comment_status":"closed","ping_status":"closed","sticky":false,"template":"","format":"standard","meta":{"footnotes":""},"categories":[74,84,83],"tags":[],"class_list":["post-6497","post","type-post","status-publish","format-standard","has-post-thumbnail","hentry","category-blog-dret-inmobiliari","category-fora-dordenacio","category-immobles-fora-dordenacio"],"yoast_head":"<!-- This site is optimized with the Yoast SEO plugin v27.4 - https:\/\/yoast.com\/product\/yoast-seo-wordpress\/ -->\n<title>Regulaci\u00f3 aplicable als immobles en situaci\u00f3 de &quot;fora d&#039;ordenaci\u00f3&quot; i de &quot;volum disconforme&quot; - Boltas Boy\u00e9 Advocats\u00ae<\/title>\n<meta name=\"robots\" content=\"index, follow, max-snippet:-1, max-image-preview:large, max-video-preview:-1\" \/>\n<link rel=\"canonical\" href=\"https:\/\/vbbabogados.com\/ca\/blog\/regulacio-aplicable-als-immobles-en-situacio-de-fora-dordenacio-i-de-volum-disconforme\/\" \/>\n<meta property=\"og:locale\" content=\"ca_ES\" \/>\n<meta property=\"og:type\" content=\"article\" \/>\n<meta property=\"og:title\" content=\"Regulaci\u00f3 aplicable als immobles en situaci\u00f3 de &quot;fora d&#039;ordenaci\u00f3&quot; i de &quot;volum disconforme&quot; - Boltas Boy\u00e9 Advocats\u00ae\" \/>\n<meta property=\"og:description\" content=\"La situaci\u00f3 denominada com &#8220;fora d&#8217;ordenaci\u00f3&#8221; d&#8217;un immoble es produeix quan de forma sobrevinguda, per efecte de l&#8217;aprovaci\u00f3 definitiva d&#8217;un planejament urban\u00edstic, passa a ser &#8220;disconforme&#8221; all\u00f2 que era &#8220;conforme&#8221; amb les normes del planejament anterior. A conseq\u00fc\u00e8ncia de l&#8217;anterior, l&#8217;edificaci\u00f3 afectada no ser\u00e0 demolida i podr\u00e0 continuar sent utilitzada, tot i que la finalitat...\" \/>\n<meta property=\"og:url\" content=\"https:\/\/vbbabogados.com\/ca\/blog\/regulacio-aplicable-als-immobles-en-situacio-de-fora-dordenacio-i-de-volum-disconforme\/\" \/>\n<meta property=\"og:site_name\" content=\"Boltas Boy&eacute; Abogados&reg;\" \/>\n<meta property=\"article:published_time\" content=\"2023-03-20T19:16:18+00:00\" \/>\n<meta property=\"article:modified_time\" content=\"2023-05-02T18:26:03+00:00\" \/>\n<meta property=\"og:image\" content=\"https:\/\/vbbabogados.com\/wp-content\/uploads\/2022\/05\/pexels-anete-lusina-4792479-1.jpg\" \/>\n\t<meta property=\"og:image:width\" content=\"1920\" \/>\n\t<meta property=\"og:image:height\" content=\"1281\" \/>\n\t<meta property=\"og:image:type\" content=\"image\/jpeg\" \/>\n<meta name=\"author\" content=\"VBB Abogados\" \/>\n<meta name=\"twitter:card\" content=\"summary_large_image\" \/>\n<meta name=\"twitter:label1\" content=\"Escrit per\" \/>\n\t<meta name=\"twitter:data1\" content=\"VBB Abogados\" \/>\n\t<meta name=\"twitter:label2\" content=\"Temps estimat de lectura\" \/>\n\t<meta name=\"twitter:data2\" content=\"3 minuts\" \/>\n<!-- \/ Yoast SEO plugin. -->","yoast_head_json":{"title":"Regulaci\u00f3 aplicable als immobles en situaci\u00f3 de \"fora d'ordenaci\u00f3\" i de \"volum disconforme\" - Boltas Boy\u00e9 Advocats\u00ae","robots":{"index":"index","follow":"follow","max-snippet":"max-snippet:-1","max-image-preview":"max-image-preview:large","max-video-preview":"max-video-preview:-1"},"canonical":"https:\/\/vbbabogados.com\/ca\/blog\/regulacio-aplicable-als-immobles-en-situacio-de-fora-dordenacio-i-de-volum-disconforme\/","og_locale":"ca_ES","og_type":"article","og_title":"Regulaci\u00f3 aplicable als immobles en situaci\u00f3 de \"fora d'ordenaci\u00f3\" i de \"volum disconforme\" - Boltas Boy\u00e9 Advocats\u00ae","og_description":"La situaci\u00f3 denominada com &#8220;fora d&#8217;ordenaci\u00f3&#8221; d&#8217;un immoble es produeix quan de forma sobrevinguda, per efecte de l&#8217;aprovaci\u00f3 definitiva d&#8217;un planejament urban\u00edstic, passa a ser &#8220;disconforme&#8221; all\u00f2 que era &#8220;conforme&#8221; amb les normes del planejament anterior. A conseq\u00fc\u00e8ncia de l&#8217;anterior, l&#8217;edificaci\u00f3 afectada no ser\u00e0 demolida i podr\u00e0 continuar sent utilitzada, tot i que la finalitat...","og_url":"https:\/\/vbbabogados.com\/ca\/blog\/regulacio-aplicable-als-immobles-en-situacio-de-fora-dordenacio-i-de-volum-disconforme\/","og_site_name":"Boltas Boy&eacute; Abogados&reg;","article_published_time":"2023-03-20T19:16:18+00:00","article_modified_time":"2023-05-02T18:26:03+00:00","og_image":[{"width":1920,"height":1281,"url":"https:\/\/vbbabogados.com\/wp-content\/uploads\/2022\/05\/pexels-anete-lusina-4792479-1.jpg","type":"image\/jpeg"}],"author":"VBB Abogados","twitter_card":"summary_large_image","twitter_misc":{"Escrit per":"VBB Abogados","Temps estimat de lectura":"3 minuts"},"schema":{"@context":"https:\/\/schema.org","@graph":[{"@type":"Article","@id":"https:\/\/vbbabogados.com\/ca\/blog\/regulacio-aplicable-als-immobles-en-situacio-de-fora-dordenacio-i-de-volum-disconforme\/#article","isPartOf":{"@id":"https:\/\/vbbabogados.com\/ca\/blog\/regulacio-aplicable-als-immobles-en-situacio-de-fora-dordenacio-i-de-volum-disconforme\/"},"author":{"name":"VBB Abogados","@id":"https:\/\/vbbabogados.com\/#\/schema\/person\/e757432e691b5bb0b26730f7a079f576"},"headline":"Regulaci\u00f3 aplicable als immobles en situaci\u00f3 de &#8220;fora d&#8217;ordenaci\u00f3&#8221; i de &#8220;volum disconforme&#8221;","datePublished":"2023-03-20T19:16:18+00:00","dateModified":"2023-05-02T18:26:03+00:00","mainEntityOfPage":{"@id":"https:\/\/vbbabogados.com\/ca\/blog\/regulacio-aplicable-als-immobles-en-situacio-de-fora-dordenacio-i-de-volum-disconforme\/"},"wordCount":662,"image":{"@id":"https:\/\/vbbabogados.com\/ca\/blog\/regulacio-aplicable-als-immobles-en-situacio-de-fora-dordenacio-i-de-volum-disconforme\/#primaryimage"},"thumbnailUrl":"https:\/\/vbbabogados.com\/wp-content\/uploads\/2022\/05\/pexels-anete-lusina-4792479-1.jpg","articleSection":["Blog Dret Inmobiliari","Fora d'ordenaci\u00f3","Immobles fora d'ordenaci\u00f3:"],"inLanguage":"ca"},{"@type":"WebPage","@id":"https:\/\/vbbabogados.com\/ca\/blog\/regulacio-aplicable-als-immobles-en-situacio-de-fora-dordenacio-i-de-volum-disconforme\/","url":"https:\/\/vbbabogados.com\/ca\/blog\/regulacio-aplicable-als-immobles-en-situacio-de-fora-dordenacio-i-de-volum-disconforme\/","name":"Regulaci\u00f3 aplicable als immobles en situaci\u00f3 de \"fora d'ordenaci\u00f3\" i de \"volum disconforme\" - Boltas Boy\u00e9 Advocats\u00ae","isPartOf":{"@id":"https:\/\/vbbabogados.com\/#website"},"primaryImageOfPage":{"@id":"https:\/\/vbbabogados.com\/ca\/blog\/regulacio-aplicable-als-immobles-en-situacio-de-fora-dordenacio-i-de-volum-disconforme\/#primaryimage"},"image":{"@id":"https:\/\/vbbabogados.com\/ca\/blog\/regulacio-aplicable-als-immobles-en-situacio-de-fora-dordenacio-i-de-volum-disconforme\/#primaryimage"},"thumbnailUrl":"https:\/\/vbbabogados.com\/wp-content\/uploads\/2022\/05\/pexels-anete-lusina-4792479-1.jpg","datePublished":"2023-03-20T19:16:18+00:00","dateModified":"2023-05-02T18:26:03+00:00","author":{"@id":"https:\/\/vbbabogados.com\/#\/schema\/person\/e757432e691b5bb0b26730f7a079f576"},"inLanguage":"ca","potentialAction":[{"@type":"ReadAction","target":["https:\/\/vbbabogados.com\/ca\/blog\/regulacio-aplicable-als-immobles-en-situacio-de-fora-dordenacio-i-de-volum-disconforme\/"]}]},{"@type":"ImageObject","inLanguage":"ca","@id":"https:\/\/vbbabogados.com\/ca\/blog\/regulacio-aplicable-als-immobles-en-situacio-de-fora-dordenacio-i-de-volum-disconforme\/#primaryimage","url":"https:\/\/vbbabogados.com\/wp-content\/uploads\/2022\/05\/pexels-anete-lusina-4792479-1.jpg","contentUrl":"https:\/\/vbbabogados.com\/wp-content\/uploads\/2022\/05\/pexels-anete-lusina-4792479-1.jpg","width":1920,"height":1281},{"@type":"WebSite","@id":"https:\/\/vbbabogados.com\/#website","url":"https:\/\/vbbabogados.com\/","name":"Boltas Boy&eacute; Abogados&reg;","description":"Firma de Abogados en Barcelona","potentialAction":[{"@type":"SearchAction","target":{"@type":"EntryPoint","urlTemplate":"https:\/\/vbbabogados.com\/?s={search_term_string}"},"query-input":{"@type":"PropertyValueSpecification","valueRequired":true,"valueName":"search_term_string"}}],"inLanguage":"ca"},{"@type":"Person","@id":"https:\/\/vbbabogados.com\/#\/schema\/person\/e757432e691b5bb0b26730f7a079f576","name":"VBB Abogados","image":{"@type":"ImageObject","inLanguage":"ca","@id":"https:\/\/secure.gravatar.com\/avatar\/2bbf7ea69851134276f180d774eba5be8f0858c37cbc55b26e8841ba0428a0db?s=96&d=mm&r=g","url":"https:\/\/secure.gravatar.com\/avatar\/2bbf7ea69851134276f180d774eba5be8f0858c37cbc55b26e8841ba0428a0db?s=96&d=mm&r=g","contentUrl":"https:\/\/secure.gravatar.com\/avatar\/2bbf7ea69851134276f180d774eba5be8f0858c37cbc55b26e8841ba0428a0db?s=96&d=mm&r=g","caption":"VBB Abogados"},"url":"https:\/\/vbbabogados.com\/ca\/blog\/author\/vbb-abogados\/"}]}},"_links":{"self":[{"href":"https:\/\/vbbabogados.com\/ca\/wp-json\/wp\/v2\/posts\/6497","targetHints":{"allow":["GET"]}}],"collection":[{"href":"https:\/\/vbbabogados.com\/ca\/wp-json\/wp\/v2\/posts"}],"about":[{"href":"https:\/\/vbbabogados.com\/ca\/wp-json\/wp\/v2\/types\/post"}],"author":[{"embeddable":true,"href":"https:\/\/vbbabogados.com\/ca\/wp-json\/wp\/v2\/users\/3"}],"replies":[{"embeddable":true,"href":"https:\/\/vbbabogados.com\/ca\/wp-json\/wp\/v2\/comments?post=6497"}],"version-history":[{"count":6,"href":"https:\/\/vbbabogados.com\/ca\/wp-json\/wp\/v2\/posts\/6497\/revisions"}],"predecessor-version":[{"id":6512,"href":"https:\/\/vbbabogados.com\/ca\/wp-json\/wp\/v2\/posts\/6497\/revisions\/6512"}],"wp:featuredmedia":[{"embeddable":true,"href":"https:\/\/vbbabogados.com\/ca\/wp-json\/wp\/v2\/media\/6275"}],"wp:attachment":[{"href":"https:\/\/vbbabogados.com\/ca\/wp-json\/wp\/v2\/media?parent=6497"}],"wp:term":[{"taxonomy":"category","embeddable":true,"href":"https:\/\/vbbabogados.com\/ca\/wp-json\/wp\/v2\/categories?post=6497"},{"taxonomy":"post_tag","embeddable":true,"href":"https:\/\/vbbabogados.com\/ca\/wp-json\/wp\/v2\/tags?post=6497"}],"curies":[{"name":"wp","href":"https:\/\/api.w.org\/{rel}","templated":true}]}}